{"id":1395,"date":"2013-09-10T12:59:14","date_gmt":"2013-09-10T12:59:14","guid":{"rendered":"http:\/\/www.encontracambuci.com.br\/noticias\/?p=1395"},"modified":"2019-04-29T19:51:25","modified_gmt":"2019-04-29T19:51:25","slug":"casa-da-mulher-brasileira-no-cambuci-ficara-pronta-em-marco-de-2014","status":"publish","type":"post","link":"https:\/\/www.encontracambuci.com.br\/sobre\/casa-da-mulher-brasileira-no-cambuci-ficara-pronta-em-marco-de-2014\/","title":{"rendered":"Casa da Mulher Brasileira no Cambuci ficar\u00e1 pronta em mar\u00e7o de 2014"},"content":{"rendered":"<div class=\"8b0563efa0ad82100d298ba2796cd14a\" data-index=\"1\" style=\"float: none; margin:0px;\">\n<!-- Anuncio display - global -->\r\n<ins class=\"adsbygoogle\"\r\n     style=\"display:block\"\r\n     data-ad-client=\"ca-pub-8585364105181520\"\r\n     data-ad-slot=\"8789329856\"\r\n     data-ad-format=\"auto\"\r\n     data-full-width-responsive=\"true\"><\/ins>\r\n<script>\r\n     (adsbygoogle = window.adsbygoogle || []).push({});\r\n<\/script>\n<\/div>\n<p>O estado e o munic\u00edpio de S\u00e3o Paulo aderiram ao programa &#8220;Mulher, Viver sem Viol\u00eancia&#8221;, coordenado pela Secretaria de Pol\u00edticas para as Mulheres (SPM) da Presid\u00eancia da Rep\u00fablica, por meio do qual ser\u00e3o investidos R$ 4,3 milh\u00f5es para a constru\u00e7\u00e3o da Casa da Mulher Brasileira, destinada ao atendimento especializado de combate \u00e0 viol\u00eancia na capital paulista.<\/p>\n<p>A Casa da Mulher deve ser inaugurada em 8 de mar\u00e7o de 2014, na rua Vieira Rovascio, no Cambuci, na regi\u00e3o central, e poder\u00e1 realizar at\u00e9 200 atendimentos di\u00e1rios a mulheres que buscarem ajuda em delegacias, hospitais ou pelo Ligue 180, servi\u00e7o da SPM que receber\u00e1 investimento de R$ 25 milh\u00f5es para aprimoramento do sistema.<\/p>\n<p>O programa federal prev\u00ea a constru\u00e7\u00e3o de servi\u00e7os semelhantes em todas as capitais do pa\u00eds. Ao todo ser\u00e3o investidos R$ 265 milh\u00f5es, incluindo gastos com campanhas publicit\u00e1rias de conscientiza\u00e7\u00e3o e melhoramentos em unidades de atendimento em regi\u00f5es de fronteiras.<\/p>\n<p>Em S\u00e3o Paulo, a Casa ficar\u00e1 aberta 24 horas e oferecer\u00e1 atendimento psicossocial. Ter\u00e1 brinquedoteca e audit\u00f3rio com sala de cinema e teatro e poder\u00e1 abrigar temporariamente 20 mulheres e seus filhos. N\u00facleos do Minist\u00e9rio P\u00fablico e da Defensoria P\u00fablica e uma vara especial do Tribunal de Justi\u00e7a tamb\u00e9m ser\u00e3o instalados no espa\u00e7o. O atendimento jur\u00eddico foi exaltado como fundamental para o combate a viol\u00eancia por Eleonora Menicucci: \u201c\u00c9 a celeridade e o apressamento das extens\u00f5es das medidas preventivas que salvam as mulheres. A mulher sair\u00e1 de l\u00e1 j\u00e1 com essa medida protetiva e com o processo aberto\u201d, disse.<\/p>\n<p>\u201cPrecisamos muito da a\u00e7\u00e3o da justi\u00e7a para essas casas. N\u00e3o nos bastam os equipamentos dos servi\u00e7os dispon\u00edveis. O acolhimento \u00e9 fundamental. Mas a puni\u00e7\u00e3o \u00e9 uma necessidade para coibir os abusos que s\u00e3o verificados no Brasil em rela\u00e7\u00e3o \u00e0s mulheres\u201d, disse o prefeito de S\u00e3o Paulo, Fernando Haddad (PT), exaltando a parceria entre governo federal, estadual e municipal. \u201cEstamos alinhando todas as pol\u00edticas com os mesmos prop\u00f3sitos. N\u00f3s tivemos at\u00e9 aqui muito \u00eaxito nesse alinhamento estrat\u00e9gico em v\u00e1rias \u00e1reas de governo. Na \u00e1rea da habita\u00e7\u00e3o fizemos avan\u00e7os importantes com o Minha Casa, Minha Vida, com a Casa Paulista. Tivemos parcerias importantes na educa\u00e7\u00e3o, na sa\u00fade e no transporte p\u00fablico e, nessa mesma dire\u00e7\u00e3o, estamos promovendo agora o alinhamento na prote\u00e7\u00e3o \u00e0s camadas mais vulner\u00e1veis da popula\u00e7\u00e3o\u201d, destacou o prefeito.<\/p>\n<p>O governador de S\u00e3o Paulo, Geraldo Alckmin (PSDB), enfatizou que, apesar de o Brasil ser o s\u00e9timo pa\u00eds com maior incid\u00eancia de viol\u00eancia contra a mulher (4,4 homic\u00eddios para cada 100 mil mulheres), S\u00e3o Paulo tem o segundo melhor \u00edndice do pa\u00eds, com 3,2 feminic\u00eddios para cada 100 mil mulheres. \u201cSe queremos acabar com a viol\u00eancia temos que acabar com a impunidade. Porque \u00e9 a impunidade que estimula a viol\u00eancia. Ent\u00e3o acho que nos vamos dar um bom passo\u201d, pontuou.<\/p>\n<p>Al\u00e9m de Haddad e Alckmin estiveram presentes na cerim\u00f4nia de assinatura, no Centro Cultural Vergueiro, centro de S\u00e3o Paulo, a ministra da SPM, Eleonora Menicucci, o presidente do Tribunal de Justi\u00e7a, desembargador Ivan Sartori, o procurador-geral do Minist\u00e9rio P\u00fablico, M\u00e1rcio Fernando Elias Rosa, e a defensora p\u00fablica-geral de S\u00e3o Paulo, Daniela Cembranelli.<\/p>\n\n<div style=\"font-size: 0px; height: 0px; line-height: 0px; margin: 0; padding: 0; clear: both;\"><\/div>","protected":false},"excerpt":{"rendered":"<p>O estado e o munic\u00edpio de S\u00e3o Paulo aderiram ao programa &#8220;Mulher, Viver sem Viol\u00eancia&#8221;, coordenado pela Secretaria de Pol\u00edticas para as Mulheres (SPM) da Presid\u00eancia da Rep\u00fablica, por meio do qual ser\u00e3o investidos R$ 4,3 milh\u00f5es para a constru\u00e7\u00e3o da Casa da Mulher Brasileira, destinada ao atendimento especializado de combate \u00e0 viol\u00eancia na capital paulista. A Casa da Mulher deve ser inaugurada em 8 de mar\u00e7o de 2014, na rua Vieira Rovascio, no Cambuci, na regi\u00e3o central, e poder\u00e1 realizar at\u00e9 200 atendimentos di\u00e1rios a mulheres que buscarem ajuda em delegacias, hospitais ou pelo Ligue 180, servi\u00e7o da SPM <\/p>\n","protected":false},"author":1,"featured_media":0,"comment_status":"open","ping_status":"closed","sticky":false,"template":"","format":"standard","meta":{"footnotes":""},"categories":[6],"tags":[],"class_list":["post-1395","post","type-post","status-publish","format-standard","hentry","category-noticias-no-cambuci"],"aioseo_notices":[],"_links":{"self":[{"href":"https:\/\/www.encontracambuci.com.br\/sobre\/wp-json\/wp\/v2\/posts\/1395","targetHints":{"allow":["GET"]}}],"collection":[{"href":"https:\/\/www.encontracambuci.com.br\/sobre\/wp-json\/wp\/v2\/posts"}],"about":[{"href":"https:\/\/www.encontracambuci.com.br\/sobre\/wp-json\/wp\/v2\/types\/post"}],"author":[{"embeddable":true,"href":"https:\/\/www.encontracambuci.com.br\/sobre\/wp-json\/wp\/v2\/users\/1"}],"replies":[{"embeddable":true,"href":"https:\/\/www.encontracambuci.com.br\/sobre\/wp-json\/wp\/v2\/comments?post=1395"}],"version-history":[{"count":0,"href":"https:\/\/www.encontracambuci.com.br\/sobre\/wp-json\/wp\/v2\/posts\/1395\/revisions"}],"wp:attachment":[{"href":"https:\/\/www.encontracambuci.com.br\/sobre\/wp-json\/wp\/v2\/media?parent=1395"}],"wp:term":[{"taxonomy":"category","embeddable":true,"href":"https:\/\/www.encontracambuci.com.br\/sobre\/wp-json\/wp\/v2\/categories?post=1395"},{"taxonomy":"post_tag","embeddable":true,"href":"https:\/\/www.encontracambuci.com.br\/sobre\/wp-json\/wp\/v2\/tags?post=1395"}],"curies":[{"name":"wp","href":"https:\/\/api.w.org\/{rel}","templated":true}]}}