{"id":1747,"date":"2025-10-31T11:53:00","date_gmt":"2025-10-31T14:53:00","guid":{"rendered":"https:\/\/www.encontracambuci.com.br\/sobre\/sao-paulo-recebe-o-festival-do-cambuci\/"},"modified":"2025-10-31T11:53:00","modified_gmt":"2025-10-31T14:53:00","slug":"sao-paulo-recebe-o-festival-do-cambuci","status":"publish","type":"post","link":"https:\/\/www.encontracambuci.com.br\/sobre\/sao-paulo-recebe-o-festival-do-cambuci\/","title":{"rendered":"S\u00e3o Paulo recebe o Festival do Cambuci"},"content":{"rendered":"<div class=\"8b0563efa0ad82100d298ba2796cd14a\" data-index=\"1\" style=\"float: none; margin:0px;\">\n<!-- Anuncio display - global -->\r\n<ins class=\"adsbygoogle\"\r\n     style=\"display:block\"\r\n     data-ad-client=\"ca-pub-8585364105181520\"\r\n     data-ad-slot=\"8789329856\"\r\n     data-ad-format=\"auto\"\r\n     data-full-width-responsive=\"true\"><\/ins>\r\n<script>\r\n     (adsbygoogle = window.adsbygoogle || []).push({});\r\n<\/script>\n<\/div>\n<h2>O que \u00e9 o Festival do Cambuci?<\/h2>\n<p>O <strong>Festival do Cambuci<\/strong> \u00e9 um evento anual que celebra a biodiversidade e a cultura local na regi\u00e3o de Parelheiros, em S\u00e3o Paulo. Criado para promover o cambuci, uma fruta nativa da Mata Atl\u00e2ntica, o festival re\u00fane pessoas de todas as idades em um ambiente festivo repleto de atividades culturais, gastron\u00f4micas e educativas. O evento destaca a import\u00e2ncia de valorizar ingredientes locais e promove a conscientiza\u00e7\u00e3o sobre a sustentabilidade e preserva\u00e7\u00e3o ambiental.<\/p>\n<h2>Hist\u00f3ria do Cambuci em Parelheiros<\/h2>\n<p>A hist\u00f3ria do <strong>cambuci<\/strong> data de s\u00e9culos, sendo uma fruta amplamente utilizada por comunidades ind\u00edgenas que habitavam a regi\u00e3o da Mata Atl\u00e2ntica. Em Parelheiros, o cultivo do cambuci se intensificou ao longo dos anos, especialmente com o apoio de programas de incentivo \u00e0 agricultura sustent\u00e1vel. Desde 2014, o Festival do Cambuci vem resgatando essa hist\u00f3ria, ensinando aos visitantes sobre suas origens e o potencial da fruta.<\/p>\n<p>Nos primeiros anos do festival, a festa atraiu poucos visitantes, mas com o passar do tempo, ela cresceu exponencialmente. Culin\u00e1rias, oficinas e atra\u00e7\u00f5es culturais se tornaram parte essencial do evento, que agora recebe milhares de pessoas em cada edi\u00e7\u00e3o.<\/p>\n<h2>Sustentabilidade na Gastronomia<\/h2>\n<p>Um dos pilares do Festival do Cambuci \u00e9 a <strong>sustentabilidade<\/strong>. A gastronomia local \u00e9 um reflexo desse compromisso, com chefs e cozinheiros utilizando ingredientes frescos e locais. Durante o festival, pratos feitos com cambuci s\u00e3o oferecidos, demonstrando como uma fruta tradicional pode ser incorporada em receitas contempor\u00e2neas. Os participantes t\u00eam a chance de provar desde sobremesas at\u00e9 pratos salgados, todos preparados para mostrar a versatilidade do cambuci.<\/p>\n<p>Al\u00e9m disso, o festival educa os visitantes sobre pr\u00e1ticas de agricultura sustent\u00e1vel. \u00c9 uma oportunidade para aprender sobre a import\u00e2ncia do consumo consciente e como pequenas mudan\u00e7as podem impactar positivamente o meio ambiente.<\/p>\n<h2>Atra\u00e7\u00f5es do Festival de Cambuci<\/h2>\n<p>O Festival do Cambuci conta com uma variedade de <strong>atra\u00e7\u00f5es<\/strong> para entreter e educar os visitantes. Algumas das atividades incluem:<\/p>\n<ul>\n<li><strong>Feira de Produtos Locais:<\/strong> Um espa\u00e7o onde produtores locais vendem seus produtos, como cacha\u00e7a de cambuci, compotas e artesanato.<\/li>\n<li><strong>Oficinas Gastr\u00f4nomicas:<\/strong> Aulas pr\u00e1ticas sobre como utilizar o cambuci na culin\u00e1ria, ministradas por chefs renomados.<\/li>\n<li><strong>Apresenta\u00e7\u00f5es Culturais:<\/strong> Grupos de dan\u00e7a, m\u00fasica ao vivo e conta\u00e7\u00e3o de hist\u00f3rias que celebram a cultura local.<\/li>\n<li><strong>Palestras Educativas:<\/strong> Discuss\u00f5es sobre biodiversidade, preserva\u00e7\u00e3o da Mata Atl\u00e2ntica e sustentabilidade.<\/li>\n<li><strong>Atividades para Crian\u00e7as:<\/strong> Espa\u00e7os com brincadeiras e oficinas para os pequenos, sempre com o enfoque na educa\u00e7\u00e3o ambiental.<\/li>\n<\/ul>\n<h2>Cultura Local e Identidade<\/h2>\n<p>A realiza\u00e7\u00e3o do <strong>Festival do Cambuci<\/strong> \u00e9 uma forma de afirmar a identidade cultural da regi\u00e3o de Parelheiros. O cambuci n\u00e3o \u00e9 apenas uma fruta; ele simboliza a conex\u00e3o das comunidades locais com a natureza e suas tradi\u00e7\u00f5es. O festival promove a valoriza\u00e7\u00e3o desse patrim\u00f4nio imaterial, trazendo \u00e0 tona hist\u00f3rias e costumes que foram passados de gera\u00e7\u00e3o para gera\u00e7\u00e3o.<\/p>\n<p>Al\u00e9m disso, o festival fomenta um senso de pertencimento entre os habitantes locais. Atrav\u00e9s das diversas atividades e exposi\u00e7\u00f5es, muitos se sentem motivados a participar na preserva\u00e7\u00e3o e promo\u00e7\u00e3o da cultura local, criando um la\u00e7o mais forte entre os moradores e suas ra\u00edzes.<\/p>\n<h2>Potencial Econ\u00f4mico do Evento<\/h2>\n<p>O <strong>Festival do Cambuci<\/strong> tamb\u00e9m possui um significativo potencial econ\u00f4mico para a regi\u00e3o. O aumento do turismo durante o evento gera receita para empres\u00e1rios locais e pequenos agricultores. A festividade ajuda a impulsionar a venda de produtos locais, n\u00e3o apenas no dia do festival, mas ao longo do ano.<\/p>\n<p>Al\u00e9m disso, a visibilidade que o festival proporciona atra\u00ed novos investimentos na regi\u00e3o, estimulando o desenvolvimento de projetos que buscam fortalecer a agricultura sustent\u00e1vel e pr\u00e1ticas de turismo respons\u00e1vel. Em um cen\u00e1rio de crescimento constante, o festival posiciona Parelheiros como um destino tur\u00edstico de interesse, promovendo a intera\u00e7\u00e3o com a natureza e as tradi\u00e7\u00f5es locais.<\/p>\n<h2>Programa\u00e7\u00e3o de Atividades<\/h2>\n<p>A programa\u00e7\u00e3o do <strong>Festival do Cambuci<\/strong> \u00e9 diversa e atraente, com atividades para todas as idades. Entre os destaques est\u00e3o:<\/p>\n<ul>\n<li><strong>Concursos Gastron\u00f4micos:<\/strong> Chefs competem para criar o melhor prato com cambuci. Os jurados s\u00e3o convidados especiais e o p\u00fablico tamb\u00e9m pode votar.<\/li>\n<li><strong>Caminhadas Ecol\u00f3gicas:<\/strong> Roteiros que exploram a biodiversidade local, guiados por especialistas em flora e fauna.<\/li>\n<li><strong>Simp\u00f3sios sobre Sustentabilidade:<\/strong> Debates sobre as melhores pr\u00e1ticas para preserva\u00e7\u00e3o ambiental e a import\u00e2ncia do consumo consciente.<\/li>\n<li><strong>Exposi\u00e7\u00f5es de Arte:<\/strong> Artistas locais exibem obras que refletem a natureza e a cultura de Parelheiros.<\/li>\n<\/ul>\n<h2>Como Visitar o Festival<\/h2>\n<p>Visitar o <strong>Festival do Cambuci<\/strong> \u00e9 uma experi\u00eancia enriquecedora. O evento ocorre geralmente no m\u00eas de setembro e atrai visitantes de todas as partes do Brasil. Para quem deseja participar, \u00e9 importante considerar algumas dicas:<\/p>\n<ul>\n<li><strong>Transporte:<\/strong> O acesso ao local do evento pode ser feito de carro ou transporte p\u00fablico. \u00c9 recomendado utilizar aplicativos de transporte para maior comodidade.<\/li>\n<li><strong>Ingressos:<\/strong> Em geral, os ingressos s\u00e3o vendidos online e na entrada do festival. \u00c9 aconselh\u00e1vel verificar as informa\u00e7\u00f5es de pre\u00e7os e agendamento com anteced\u00eancia.<\/li>\n<li><strong>Hospedagem:<\/strong> Se voc\u00ea planeja ficar por mais de um dia, considere reservar hospedagem em pousadas ou hot\u00e9is da regi\u00e3o.<\/li>\n<li><strong>Acessibilidade:<\/strong> O festival prioriza a acessibilidade, oferecendo recursos para pessoas com defici\u00eancia.<\/li>\n<\/ul>\n<h2>Import\u00e2ncia da Mata Atl\u00e2ntica<\/h2>\n<p>A <strong>Mata Atl\u00e2ntica<\/strong> \u00e9 um dos biomas mais ricos em biodiversidade do mundo e desempenha um papel vital na regula\u00e7\u00e3o clim\u00e1tica. O Festival do Cambuci \u00e9 uma excelente oportunidade para ressaltar a import\u00e2ncia da conserva\u00e7\u00e3o desse ecossistema. Durante o evento, s\u00e3o promovidas atividades que informam o p\u00fablico sobre a flora e fauna da regi\u00e3o, al\u00e9m de como proteger este bioma.<\/p>\n<p>O festival tamb\u00e9m angaria apoio para a\u00e7\u00f5es de reflorestamento e preserva\u00e7\u00e3o das \u00e1reas verdes, incentivando todos a se tornarem defensores ativos do meio ambiente. A festividade contribui diretamente para aumentar a conscientiza\u00e7\u00e3o sobre a necessidade de cuidar da Mata Atl\u00e2ntica, que sofre risco de extin\u00e7\u00e3o.<\/p>\n<h2>Empreendedorismo Sustent\u00e1vel em Parelheiros<\/h2>\n<p>O <strong>Festival do Cambuci<\/strong> tamb\u00e9m \u00e9 um grande impulsionador do <strong>empreendedorismo sustent\u00e1vel<\/strong> na regi\u00e3o. Ao promover produtos e servi\u00e7os que respeitam o meio ambiente, o festival incentiva novos empreendedores a adotarem pr\u00e1ticas conscientes em seus neg\u00f3cios. Durante o evento, \u00e9 comum ver exposi\u00e7\u00f5es de startups e iniciativas que buscam solu\u00e7\u00f5es inovadoras para o desenvolvimento sustent\u00e1vel.<\/p>\n<p>Al\u00e9m disso, o festival oferece um espa\u00e7o para networking entre empreendedores, produtores rurais e especialistas em sustentabilidade, o que pode resultar em colabora\u00e7\u00f5es frut\u00edferas. A combina\u00e7\u00e3o de cultura, natureza e neg\u00f3cios tem o poder de transformar a economia local e criar um futuro mais sustent\u00e1vel para todos.<\/p>\n\n<div style=\"font-size: 0px; height: 0px; line-height: 0px; margin: 0; padding: 0; clear: both;\"><\/div>","protected":false},"excerpt":{"rendered":"<p>O Festival do Cambuci destaca a biodiversidade da Mata Atl\u00e2ntica e a gastronomia local.<\/p>\n","protected":false},"author":1,"featured_media":0,"comment_status":"open","ping_status":"closed","sticky":false,"template":"","format":"standard","meta":{"footnotes":""},"categories":[19],"tags":[],"class_list":["post-1747","post","type-post","status-publish","format-standard","hentry","category-cultura-no-cambuci"],"aioseo_notices":[],"_links":{"self":[{"href":"https:\/\/www.encontracambuci.com.br\/sobre\/wp-json\/wp\/v2\/posts\/1747","targetHints":{"allow":["GET"]}}],"collection":[{"href":"https:\/\/www.encontracambuci.com.br\/sobre\/wp-json\/wp\/v2\/posts"}],"about":[{"href":"https:\/\/www.encontracambuci.com.br\/sobre\/wp-json\/wp\/v2\/types\/post"}],"author":[{"embeddable":true,"href":"https:\/\/www.encontracambuci.com.br\/sobre\/wp-json\/wp\/v2\/users\/1"}],"replies":[{"embeddable":true,"href":"https:\/\/www.encontracambuci.com.br\/sobre\/wp-json\/wp\/v2\/comments?post=1747"}],"version-history":[{"count":0,"href":"https:\/\/www.encontracambuci.com.br\/sobre\/wp-json\/wp\/v2\/posts\/1747\/revisions"}],"wp:attachment":[{"href":"https:\/\/www.encontracambuci.com.br\/sobre\/wp-json\/wp\/v2\/media?parent=1747"}],"wp:term":[{"taxonomy":"category","embeddable":true,"href":"https:\/\/www.encontracambuci.com.br\/sobre\/wp-json\/wp\/v2\/categories?post=1747"},{"taxonomy":"post_tag","embeddable":true,"href":"https:\/\/www.encontracambuci.com.br\/sobre\/wp-json\/wp\/v2\/tags?post=1747"}],"curies":[{"name":"wp","href":"https:\/\/api.w.org\/{rel}","templated":true}]}}