{"id":1752,"date":"2025-11-01T07:31:00","date_gmt":"2025-11-01T10:31:00","guid":{"rendered":"https:\/\/www.encontracambuci.com.br\/sobre\/gesto-marca-os-300-anos-da-imagem-da-virgem-dos-remedios-em-sp\/"},"modified":"2025-11-01T07:31:00","modified_gmt":"2025-11-01T10:31:00","slug":"gesto-marca-os-300-anos-da-imagem-da-virgem-dos-remedios-em-sp","status":"publish","type":"post","link":"https:\/\/www.encontracambuci.com.br\/sobre\/gesto-marca-os-300-anos-da-imagem-da-virgem-dos-remedios-em-sp\/","title":{"rendered":"Gesto marca os 300 anos da imagem da Virgem dos Rem\u00e9dios em SP"},"content":{"rendered":"<div class=\"8b0563efa0ad82100d298ba2796cd14a\" data-index=\"1\" style=\"float: none; margin:0px;\">\n<!-- Anuncio display - global -->\r\n<ins class=\"adsbygoogle\"\r\n     style=\"display:block\"\r\n     data-ad-client=\"ca-pub-8585364105181520\"\r\n     data-ad-slot=\"8789329856\"\r\n     data-ad-format=\"auto\"\r\n     data-full-width-responsive=\"true\"><\/ins>\r\n<script>\r\n     (adsbygoogle = window.adsbygoogle || []).push({});\r\n<\/script>\n<\/div>\n<h2>A Hist\u00f3ria da Virgem dos Rem\u00e9dios<\/h2>\n<p>A imagem da <strong>Virgem dos Rem\u00e9dios<\/strong> \u00e9 um \u00edcone de f\u00e9 e devo\u00e7\u00e3o em S\u00e3o Paulo. Essa venerada imagem foi trazida ao Brasil por mission\u00e1rios, que a introduziram na regi\u00e3o no in\u00edcio do s\u00e9culo XVIII. Desde ent\u00e3o, ela se tornou um s\u00edmbolo importante para os fi\u00e9is.<\/p>\n<p>O culto \u00e0 Virgem dos Rem\u00e9dios iniciou-se como uma manifesta\u00e7\u00e3o de gratid\u00e3o e prote\u00e7\u00e3o, especialmente em tempos de crise. Segundo a tradi\u00e7\u00e3o, muitos milagres atribu\u00eddos a ela fortaleceram a f\u00e9 da comunidade.<\/p>\n<p>Ao longo de 300 anos, a imagem passou por v\u00e1rias transforma\u00e7\u00f5es e restauracoes, mas sua ess\u00eancia permanece intacta, evitando que a hist\u00f3ria e a devo\u00e7\u00e3o sejam esquecidas.<\/p>\n<h2>A Dedica\u00e7\u00e3o da Par\u00f3quia<\/h2>\n<p>A Par\u00f3quia dedicada \u00e0 Virgem dos Rem\u00e9dios \u00e9 um centro de espiritualidade e acolhimento. Ela oferece missas, retiros e grupos de ora\u00e7\u00e3o, unindo a comunidade em torno da f\u00e9 cat\u00f3lica.<\/p>\n<p>A <em>Dedica\u00e7\u00e3o<\/em> da par\u00f3quia se reflete no cuidado com os mais necessitados, promovendo a\u00e7\u00f5es sociais e assistenciais. A par\u00f3quia incentiva a participa\u00e7\u00e3o dos fi\u00e9is, criando espa\u00e7os de debate e reflex\u00e3o, al\u00e9m de atividades culturais.<\/p>\n<p>A cada celebra\u00e7\u00e3o, a presen\u00e7a da Virgem dos Rem\u00e9dios \u00e9 lembrada, consolidando o papel da par\u00f3quia como um guardi\u00e3o da tradi\u00e7\u00e3o e da hist\u00f3ria local.<\/p>\n<h2>Significado da Imagem para os Fi\u00e9is<\/h2>\n<p>Para os devotos, a imagem da Virgem dos Rem\u00e9dios simboliza a prote\u00e7\u00e3o e o consolo. Ela \u00e9 vista como uma intercessora poderosa nas dificuldades da vida cotidiana.<\/p>\n<p>O <strong>significado<\/strong> da imagem vai al\u00e9m da religiosidade. Muitos fi\u00e9is recorrem \u00e0 Virgem nos momentos de crise, buscando for\u00e7a e esperan\u00e7a. As promessas feitas \u00e0 imagem s\u00e3o testimoniais de f\u00e9 e devo\u00e7\u00e3o.<\/p>\n<p>A Virgem dos Rem\u00e9dios \u00e9, portanto, uma fonte de inspira\u00e7\u00e3o, oferecendo conforto em meio \u00e0s adversidades da vida.<\/p>\n<h2>Celebra\u00e7\u00f5es e Eventos ao Longo dos S\u00e9culos<\/h2>\n<p>As celebra\u00e7\u00f5es em honra \u00e0 Virgem dos Rem\u00e9dios t\u00eam atra\u00eddo multid\u00f5es por gera\u00e7\u00f5es. Festividades como a Festa da Padroeira, que ocorre anualmente, s\u00e3o momentos de grande alegria e uni\u00e3o.<\/p>\n<p>Ao longo dos s\u00e9culos, os eventos foram se diversificando. Al\u00e9m das celebra\u00e7\u00f5es lit\u00fargicas tradicionais, h\u00e1 desfiles, shows, e at\u00e9 feiras com produtos locais. A Festa da Virgem dos Rem\u00e9dios n\u00e3o \u00e9 apenas um momento espiritual, mas uma verdadeira celebra\u00e7\u00e3o da cultura paulista.<\/p>\n<h2>Cultura e Tradi\u00e7\u00f5es Associadas<\/h2>\n<p>A Virgem dos Rem\u00e9dios tamb\u00e9m \u00e9 uma pe\u00e7a central nas tradi\u00e7\u00f5es culturais da regi\u00e3o. As <strong>tradi\u00e7\u00f5es<\/strong> associadas ao culto t\u00eam se mantido vivas, passando de gera\u00e7\u00e3o em gera\u00e7\u00e3o.<\/p>\n<ul>\n<li><strong>Rituais:<\/strong> Diversos rituais s\u00e3o realizados em seu nome, como caminhadas e novenas, especialmente no m\u00eas de agosto.<\/li>\n<li><strong>Comidas T\u00edpicas:<\/strong> Durante as festividades, pratos t\u00edpicos da culin\u00e1ria local s\u00e3o servidos, promovendo o conv\u00edvio entre os participantes.<\/li>\n<li><strong>Artesanato:<\/strong> O artesanato local tamb\u00e9m se destaca, com v\u00e1rias pe\u00e7as sendo criadas em homenagem \u00e0 Virgem.<\/li>\n<\/ul>\n<p>S\u00e3o manifesta\u00e7\u00f5es que fortalecem a identidade comunit\u00e1ria e a conex\u00e3o com a f\u00e9.<\/p>\n<h2>Impacto Social da Virgem dos Rem\u00e9dios<\/h2>\n<p>A imagem da Virgem dos Rem\u00e9dios n\u00e3o s\u00f3 impacta a f\u00e9 das pessoas, mas tamb\u00e9m tem um <strong>impacto social<\/strong> significativo. A par\u00f3quia e grupos de fi\u00e9is organizam diversas a\u00e7\u00f5es sociais, como:<\/p>\n<ul>\n<li><strong>Campanhas solid\u00e1rias:<\/strong> A arrecada\u00e7\u00e3o de alimentos e roupas para pessoas em situa\u00e7\u00e3o de vulnerabilidade.<\/li>\n<li><strong>Atendimentos m\u00e9dicos:<\/strong> Promo\u00e7\u00e3o de mutir\u00f5es de sa\u00fade que oferecem atendimentos gratuitos \u00e0 comunidade.<\/li>\n<li><strong>Educa\u00e7\u00e3o:<\/strong> Iniciativas educativas para crian\u00e7as e adolescentes, visando inclus\u00e3o e oportunidades.<\/li>\n<\/ul>\n<p>Essas a\u00e7\u00f5es demonstram que a devo\u00e7\u00e3o \u00e0 Virgem dos Rem\u00e9dios vai al\u00e9m da religi\u00e3o, contribuindo para a melhoria da qualidade de vida na comunidade.<\/p>\n<h2>Perspectivas Futuras para a Par\u00f3quia<\/h2>\n<p>Ao celebrar 300 anos, a par\u00f3quia reflete sobre seu <strong>futuro<\/strong>. Algumas perspectivas incluem:<\/p>\n<ul>\n<li><strong>Iniciativas Sustent\u00e1veis:<\/strong> Promover pr\u00e1ticas que respeitem o meio ambiente e a ecologia.<\/li>\n<li><strong>Integra\u00e7\u00e3o Digital:<\/strong> Aumentar a presen\u00e7a online, oferecendo conte\u00fado espiritual e educativo atrav\u00e9s das redes sociais.<\/li>\n<li><strong>Aumento da Acessibilidade:<\/strong> Tornar os eventos e os espa\u00e7os mais inclusivos para todos os p\u00fablicos.<\/li>\n<\/ul>\n<p>A par\u00f3quia busca se modernizar, mantendo sempre a ess\u00eancia da devo\u00e7\u00e3o \u00e0 Virgem dos Rem\u00e9dios.<\/p>\n<h2>Como a Comunidade Participa<\/h2>\n<p>A participa\u00e7\u00e3o da comunidade na devo\u00e7\u00e3o \u00e0 Virgem dos Rem\u00e9dios \u00e9 ativa e vibrante. Os fi\u00e9is se envolvem nas celebra\u00e7\u00f5es, ajudando a organizar e executar os eventos.<\/p>\n<p>Os <strong>grupos de volunt\u00e1rios<\/strong> s\u00e3o fundamentais para o sucesso das festividades, desde a decora\u00e7\u00e3o at\u00e9 a log\u00edstica das celebra\u00e7\u00f5es. Al\u00e9m disso, muitos membros da comunidade dedicam seu tempo para atendimento aos necessitados.<\/p>\n<p>A intera\u00e7\u00e3o entre os devotos fortalece os la\u00e7os sociais e a identidade comunit\u00e1ria, fazendo com que a hist\u00f3ria da Virgem dos Rem\u00e9dios continue viva.<\/p>\n<h2>Testemunhos de Devotos<\/h2>\n<p>A devo\u00e7\u00e3o \u00e0 Virgem dos Rem\u00e9dios \u00e9 repleta de <strong>testemunhos<\/strong> inspiradores. Muitos devotos compartilham experi\u00eancias de prote\u00e7\u00e3o e gratid\u00e3o:<\/p>\n<ul>\n<li><strong>Milagres:<\/strong> Diversas hist\u00f3rias de supera\u00e7\u00f5es de doen\u00e7as e dificuldades financeiras ap\u00f3s promessas feitas \u00e0 Virgem.<\/li>\n<li><strong>Momentos de Consolo:<\/strong> Relatos de al\u00edvio em momentos de luto ou perdas.<\/li>\n<li><strong>Comunidade:<\/strong> O sentimento de pertencimento e apoio m\u00fatuo entre os que compartilham a mesma f\u00e9.<\/li>\n<\/ul>\n<p>Esses relatos evidenciam a import\u00e2ncia da imagem na vida dos fi\u00e9is, inspirando outros a se aproximarem dela.<\/p>\n<h2>O Legado da Virgem dos Rem\u00e9dios<\/h2>\n<p>O legado da Virgem dos Rem\u00e9dios \u00e9 ineg\u00e1vel. A imagem, que completa 300 anos de devo\u00e7\u00e3o, deixou uma marca profunda na cultura, na f\u00e9 e na vida social da comunidade.<\/p>\n<p>Nos pr\u00f3ximos anos, espera-se que esse <strong>legado<\/strong> continue a crescer, inspirando novas gera\u00e7\u00f5es. A par\u00f3quia e os devotos est\u00e3o comprometidos em preservar a tradi\u00e7\u00e3o, mesmo em tempos de mudan\u00e7as.<\/p>\n<p>A hist\u00f3ria da Virgem dos Rem\u00e9dios \u00e9 um testemunho de f\u00e9, amor e comunidade, essenciais para a identidade de S\u00e3o Paulo.<\/p>\n\n<div style=\"font-size: 0px; height: 0px; line-height: 0px; margin: 0; padding: 0; clear: both;\"><\/div>","protected":false},"excerpt":{"rendered":"<p>300 anos da imagem da Virgem dos Rem\u00e9dios est\u00e3o sendo comemorados em S\u00e3o Paulo com um gesto especial.<\/p>\n","protected":false},"author":1,"featured_media":0,"comment_status":"open","ping_status":"closed","sticky":false,"template":"","format":"standard","meta":{"footnotes":""},"categories":[24],"tags":[],"class_list":["post-1752","post","type-post","status-publish","format-standard","hentry","category-saude-no-cambuci"],"aioseo_notices":[],"_links":{"self":[{"href":"https:\/\/www.encontracambuci.com.br\/sobre\/wp-json\/wp\/v2\/posts\/1752","targetHints":{"allow":["GET"]}}],"collection":[{"href":"https:\/\/www.encontracambuci.com.br\/sobre\/wp-json\/wp\/v2\/posts"}],"about":[{"href":"https:\/\/www.encontracambuci.com.br\/sobre\/wp-json\/wp\/v2\/types\/post"}],"author":[{"embeddable":true,"href":"https:\/\/www.encontracambuci.com.br\/sobre\/wp-json\/wp\/v2\/users\/1"}],"replies":[{"embeddable":true,"href":"https:\/\/www.encontracambuci.com.br\/sobre\/wp-json\/wp\/v2\/comments?post=1752"}],"version-history":[{"count":0,"href":"https:\/\/www.encontracambuci.com.br\/sobre\/wp-json\/wp\/v2\/posts\/1752\/revisions"}],"wp:attachment":[{"href":"https:\/\/www.encontracambuci.com.br\/sobre\/wp-json\/wp\/v2\/media?parent=1752"}],"wp:term":[{"taxonomy":"category","embeddable":true,"href":"https:\/\/www.encontracambuci.com.br\/sobre\/wp-json\/wp\/v2\/categories?post=1752"},{"taxonomy":"post_tag","embeddable":true,"href":"https:\/\/www.encontracambuci.com.br\/sobre\/wp-json\/wp\/v2\/tags?post=1752"}],"curies":[{"name":"wp","href":"https:\/\/api.w.org\/{rel}","templated":true}]}}