{"id":29,"date":"2010-12-02T12:50:37","date_gmt":"2010-12-02T12:50:37","guid":{"rendered":"http:\/\/www.encontracambuci.com.br\/noticias\/?p=29"},"modified":"2019-04-29T19:52:17","modified_gmt":"2019-04-29T19:52:17","slug":"crime-ambiental-no-cambuci","status":"publish","type":"post","link":"https:\/\/www.encontracambuci.com.br\/sobre\/crime-ambiental-no-cambuci\/","title":{"rendered":"Crime ambiental no Cambuci"},"content":{"rendered":"<div class=\"8b0563efa0ad82100d298ba2796cd14a\" data-index=\"1\" style=\"float: none; margin:0px;\">\n<!-- Anuncio display - global -->\r\n<ins class=\"adsbygoogle\"\r\n     style=\"display:block\"\r\n     data-ad-client=\"ca-pub-8585364105181520\"\r\n     data-ad-slot=\"8789329856\"\r\n     data-ad-format=\"auto\"\r\n     data-full-width-responsive=\"true\"><\/ins>\r\n<script>\r\n     (adsbygoogle = window.adsbygoogle || []).push({});\r\n<\/script>\n<\/div>\n<p>Esta semana recebemos uma denuncia an\u00f4nima de que uma \u00e1rvore de Ip\u00ea foi  envenenada na cal\u00e7ada da Rua Senador Carlos Teixeira de Carvalho, na  altura 220, no Cambuci.<\/p>\n<p>Fomos at\u00e9 o local e constatamos a veracidade dos fatos. O  ip\u00ea est\u00e1 totalmente seco e sem folhas e pr\u00f3ximo da raiz tem um pequeno  buraco, feito por uma furadeira, onde foi inserido tubo de veneno.<\/p>\n<p>Ao  lado do Ip\u00ea tem outra pequena \u00e1rvore de Pitangueira que tamb\u00e9m foi  vitima desse vandalismo. Segundo moradores locais, que presenciaram o  fato, a a\u00e7\u00e3o ocorreu h\u00e1 20 dias, mas at\u00e9 agora os fiscais da Secretaria  Municipal do Verde e do Meio Ambiente n\u00e3o foram acionados para constatar  o ocorrido.<\/p>\n<p>Quem passa pela cal\u00e7ada e observa o ip\u00ea morto  acaba se chocando com o fato. \u201cRealmente \u00e9 lament\u00e1vel assistir a cena do  ip\u00ea seco sem flores e folhas. A cidade j\u00e1 \u00e9 quente. As \u00e1rvores ajudam a  refrescar com as sombras e com os ventos e realmente isso choca\u201d,  declarou uma senhora \u00e0 nossa equipe no momento que est\u00e1vamos tirando  foto do Ip\u00ea.<\/p>\n<p>Na \u00faltima quarta feira (1) entramos em  contato com a Assessoria de Imprensa da Secretaria do Verde e do Meio  Ambiente, a qual nos emitiu a seguinte nota: a secretaria atende  den\u00fancias de crimes ambientais, inclusive por maus tratos de \u00e1rvores.<\/p>\n<p>Coloca\u00e7\u00e3o de adere\u00e7os, enfeites, placas e similares afixados por objetos  como pregos, grampos, arames, cintas inadequadas, fios e similares n\u00e3o  s\u00e3o permitidos. S\u00f3 quem est\u00e1 autorizado a fazer poda \u00e9 a Subprefeitura, a  Eletropaulo e, em casos de emerg\u00eancia, os bombeiros e a defesa civil.  Muito menos colocar veneno nas esp\u00e9cies.<\/p>\n<p>Em 2008 a Secretaria lan\u00e7ou a campanha  Respeite as \u00c1rvores, abrindo canais de den\u00fancia direta aos mun\u00edcipes.<\/p>\n<p>A legisla\u00e7\u00e3o aplicada \u00e9 a Lei de Crimes Ambientais. A multa por \u00e1rvore \u00e9 de no m\u00ednimo R$ 10 mil.<br \/>\nPodar ou cortar \u00e1rvores sem autoriza\u00e7\u00e3o da  Prefeitura, como tamb\u00e9m maus tratos as \u00e1rvores, \u00e9 crime ambiental.<\/p>\n<p>Agentes de Controle Ambiental da Secretaria do Verde atuam por den\u00fancia  aplicando a Lei de Crimes Ambientais nestes casos. Para denunciar, basta  enviar um email para: respeiteasarvores@prefeitura.sp.gov.br<\/p>\n<p>Se algu\u00e9m estiver podando uma \u00e1rvore, \u00e9  preciso que tenha em m\u00e3os dois documentos:<\/p>\n<p>1. Laudo t\u00e9cnico para poda ou  remo\u00e7\u00e3o, emitido por um engenheiro agr\u00f4nomo da Subprefeitura  acompanhado da respectiva autoriza\u00e7\u00e3o emitida pelo subprefeito.<\/p>\n<p>2. Porte  de motosserra (concedido pelo IBAMA).<\/p>\n<p>Exija esses dois documentos. Se o respons\u00e1vel  n\u00e3o apresent\u00e1-los, n\u00e3o tem autoriza\u00e7\u00e3o para realizar a poda. Nesse caso,  acione a Subprefeitura de sua regi\u00e3o.<\/p>\n<p>Se esses dois documentos est\u00e3o em dia, e mesmo  assim voc\u00ea n\u00e3o concorda com a poda, fique atento aos crit\u00e9rios que  est\u00e3o valendo. A poda, na arboriza\u00e7\u00e3o urbana, visa basicamente:<br \/>\na)  conferir \u00e0 \u00e1rvore uma forma adequada durante o seu desenvolvimento (poda  de forma\u00e7\u00e3o);<br \/>\nb) eliminar ramos mortos, danificados, doentes  ou praguejados (poda de limpeza);<br \/>\nc) remover partes das \u00e1rvores que  colocam em risco a seguran\u00e7a das pessoas (poda de emerg\u00eancia);<br \/>\nd)  remover partes das \u00e1rvores que interferem ou causam danos incontorn\u00e1veis  \u00e0s edifica\u00e7\u00f5es ou aos equipamentos urbanos (poda de adequa\u00e7\u00e3o).<\/p>\n<p><em>Fonte: Jornal Cambuci&amp;Aclima\u00e7\u00e3o<\/em><\/p>\n\n<div style=\"font-size: 0px; height: 0px; line-height: 0px; margin: 0; padding: 0; clear: both;\"><\/div>","protected":false},"excerpt":{"rendered":"<p>Esta semana recebemos uma denuncia an\u00f4nima de que uma \u00e1rvore de Ip\u00ea foi envenenada na cal\u00e7ada da Rua Senador Carlos Teixeira de Carvalho, na altura 220, no Cambuci. Fomos at\u00e9 o local e constatamos a veracidade dos fatos. O ip\u00ea est\u00e1 totalmente seco e sem folhas e pr\u00f3ximo da raiz tem um pequeno buraco, feito por uma furadeira, onde foi inserido tubo de veneno. Ao lado do Ip\u00ea tem outra pequena \u00e1rvore de Pitangueira que tamb\u00e9m foi vitima desse vandalismo. Segundo moradores locais, que presenciaram o fato, a a\u00e7\u00e3o ocorreu h\u00e1 20 dias, mas at\u00e9 agora os fiscais da Secretaria <\/p>\n","protected":false},"author":1,"featured_media":0,"comment_status":"open","ping_status":"closed","sticky":false,"template":"","format":"standard","meta":{"footnotes":""},"categories":[8],"tags":[],"class_list":["post-29","post","type-post","status-publish","format-standard","hentry","category-servicos-no-cambuci"],"aioseo_notices":[],"_links":{"self":[{"href":"https:\/\/www.encontracambuci.com.br\/sobre\/wp-json\/wp\/v2\/posts\/29","targetHints":{"allow":["GET"]}}],"collection":[{"href":"https:\/\/www.encontracambuci.com.br\/sobre\/wp-json\/wp\/v2\/posts"}],"about":[{"href":"https:\/\/www.encontracambuci.com.br\/sobre\/wp-json\/wp\/v2\/types\/post"}],"author":[{"embeddable":true,"href":"https:\/\/www.encontracambuci.com.br\/sobre\/wp-json\/wp\/v2\/users\/1"}],"replies":[{"embeddable":true,"href":"https:\/\/www.encontracambuci.com.br\/sobre\/wp-json\/wp\/v2\/comments?post=29"}],"version-history":[{"count":0,"href":"https:\/\/www.encontracambuci.com.br\/sobre\/wp-json\/wp\/v2\/posts\/29\/revisions"}],"wp:attachment":[{"href":"https:\/\/www.encontracambuci.com.br\/sobre\/wp-json\/wp\/v2\/media?parent=29"}],"wp:term":[{"taxonomy":"category","embeddable":true,"href":"https:\/\/www.encontracambuci.com.br\/sobre\/wp-json\/wp\/v2\/categories?post=29"},{"taxonomy":"post_tag","embeddable":true,"href":"https:\/\/www.encontracambuci.com.br\/sobre\/wp-json\/wp\/v2\/tags?post=29"}],"curies":[{"name":"wp","href":"https:\/\/api.w.org\/{rel}","templated":true}]}}