{"id":342,"date":"2011-12-21T17:56:15","date_gmt":"2011-12-21T17:56:15","guid":{"rendered":"http:\/\/www.encontracambuci.com.br\/noticias\/?p=342"},"modified":"2019-04-29T19:51:51","modified_gmt":"2019-04-29T19:51:51","slug":"o-largo-do-cambuci-ganhara-novo-projeto-de-revitalizacao","status":"publish","type":"post","link":"https:\/\/www.encontracambuci.com.br\/sobre\/o-largo-do-cambuci-ganhara-novo-projeto-de-revitalizacao\/","title":{"rendered":"O Largo do Cambuci ganhar\u00e1 novo projeto de revitaliza\u00e7\u00e3o"},"content":{"rendered":"<div class=\"8b0563efa0ad82100d298ba2796cd14a\" data-index=\"1\" style=\"float: none; margin:0px;\">\n<!-- Anuncio display - global -->\r\n<ins class=\"adsbygoogle\"\r\n     style=\"display:block\"\r\n     data-ad-client=\"ca-pub-8585364105181520\"\r\n     data-ad-slot=\"8789329856\"\r\n     data-ad-format=\"auto\"\r\n     data-full-width-responsive=\"true\"><\/ins>\r\n<script>\r\n     (adsbygoogle = window.adsbygoogle || []).push({});\r\n<\/script>\n<\/div>\n<p>Ser\u00e3o iniciadas, neste m\u00eas, as obras de revitaliza\u00e7\u00e3o do Largo do Cambuci, em Encontra Cambuci. O novo projeto destinado para o local prev\u00ea a instala\u00e7\u00e3o de equipamentos de gin\u00e1stica para a 3\u00aa idade e playground, reativa\u00e7\u00e3o da fonte, al\u00e9m de servi\u00e7o de manuten\u00e7\u00e3o nas \u00e1reas verdes. As interven\u00e7\u00f5es, realizadas pela Subprefeitura S\u00e9, visam incentivar a melhor qualidade\u00a0 de vida dos moradores e frequentadores do Cambuci, que, a partir de fevereiro, contar\u00e3o com mais uma \u00e1rea de lazer e desportes no distrito. &#8211;<\/p>\n<p>Para uma rotina de exerc\u00edcios completa ser\u00e3o colocados quatro equipamentos de gin\u00e1stica. Para os membros inferiores, por exemplo, ser\u00e3o instalados o Passo A\u00e9reo e o P\u00eandulo &#8211; o primeiro simula a caminhada, aumenta a mobilidade dos membros inferiores e desenvolve a coordena\u00e7\u00e3o motora; enquanto o segundo projeta o movimento pendular, trabalhando a agilidade dos membros inferiores, quadris e regi\u00e3o lombar.<\/p>\n<p>Os membros superiores ser\u00e3o exercitados com o aparelho Roda Ombros que, com movimento circulares, aumenta a mobilidade da articula\u00e7\u00e3o dos ombros e dos cotovelos. E, por fim, os cidad\u00e3os poder\u00e3o utilizar, antes e depois das atividades f\u00edsicas, o Alongador, equipamento que estimula o sistema nervoso central atrav\u00e9s do alongamento e fortalecimento dos grandes grupos musculares.<\/p>\n<p>O largo tamb\u00e9m retomar\u00e1 caracter\u00edsticas do projeto de revitaliza\u00e7\u00e3o antecedente ao atual, o qual mantinha um playground. Por isso, para o lazer e divers\u00e3o das crian\u00e7as ser\u00e3o instalados balan\u00e7os e gangorras, feito de madeira eucalipto. Dentre as demais interven\u00e7\u00f5es previstas para a \u00e1rea, est\u00e3o as trocas do piso &#8211; de ladrilho hidr\u00e1ulico para concreto &#8211; e da ilumina\u00e7\u00e3o, al\u00e9m da instala\u00e7\u00e3o de bancos de concreto com encosto e a reativa\u00e7\u00e3o da fonte.<\/p>\n<p>Ser\u00e1 feito tamb\u00e9m o aumento da \u00e1rea perme\u00e1vel com a amplia\u00e7\u00e3o dos canteiros que ser\u00e3o contemplados com, al\u00e9m de uma unidade de Cambuci, heras, l\u00edrios, pileas, belas em\u00edlias, moreias, jeriv\u00e1s e grama esmeralda. As interven\u00e7\u00f5es, que custar\u00e3o aproximadamente R$ 134 mil, est\u00e3o sendo executadas pela empresa Codal Engenharia. A previs\u00e3o \u00e9 de que os trabalhos sejam conclu\u00eddos em dois meses.<\/p>\n<p>Entre o final de 2010 e in\u00edcio de 2011, o Largo do Cambuci recebeu o plantio de 50 d\u00fazias de clorofito; 17 d\u00fazias de l\u00edrio; 34 d\u00fazias de ved\u00e9lia; 176,45 m\u00b2 de grama S\u00e3o Carlos; e 26,70 m\u00b2 de grama preta. No local, a Subprefeitura S\u00e9 tamb\u00e9m realizou os reparos do piso e a pintura das muretas. A obra teve um custo aproximado de R$ 26 mil.<\/p>\n<p><em>Fonte: Portal DCI<\/em><\/p>\n\n<div style=\"font-size: 0px; height: 0px; line-height: 0px; margin: 0; padding: 0; clear: both;\"><\/div>","protected":false},"excerpt":{"rendered":"<p>Ser\u00e3o iniciadas, neste m\u00eas, as obras de revitaliza\u00e7\u00e3o do Largo do Cambuci, em Encontra Cambuci. O novo projeto destinado para o local prev\u00ea a instala\u00e7\u00e3o de equipamentos de gin\u00e1stica para a 3\u00aa idade e playground, reativa\u00e7\u00e3o da fonte, al\u00e9m de servi\u00e7o de manuten\u00e7\u00e3o nas \u00e1reas verdes. As interven\u00e7\u00f5es, realizadas pela Subprefeitura S\u00e9, visam incentivar a melhor qualidade\u00a0 de vida dos moradores e frequentadores do Cambuci, que, a partir de fevereiro, contar\u00e3o com mais uma \u00e1rea de lazer e desportes no distrito. &#8211; Para uma rotina de exerc\u00edcios completa ser\u00e3o colocados quatro equipamentos de gin\u00e1stica. Para os membros inferiores, por exemplo, <\/p>\n","protected":false},"author":1,"featured_media":0,"comment_status":"open","ping_status":"closed","sticky":false,"template":"","format":"standard","meta":{"footnotes":""},"categories":[6],"tags":[],"class_list":["post-342","post","type-post","status-publish","format-standard","hentry","category-noticias-no-cambuci"],"aioseo_notices":[],"_links":{"self":[{"href":"https:\/\/www.encontracambuci.com.br\/sobre\/wp-json\/wp\/v2\/posts\/342","targetHints":{"allow":["GET"]}}],"collection":[{"href":"https:\/\/www.encontracambuci.com.br\/sobre\/wp-json\/wp\/v2\/posts"}],"about":[{"href":"https:\/\/www.encontracambuci.com.br\/sobre\/wp-json\/wp\/v2\/types\/post"}],"author":[{"embeddable":true,"href":"https:\/\/www.encontracambuci.com.br\/sobre\/wp-json\/wp\/v2\/users\/1"}],"replies":[{"embeddable":true,"href":"https:\/\/www.encontracambuci.com.br\/sobre\/wp-json\/wp\/v2\/comments?post=342"}],"version-history":[{"count":0,"href":"https:\/\/www.encontracambuci.com.br\/sobre\/wp-json\/wp\/v2\/posts\/342\/revisions"}],"wp:attachment":[{"href":"https:\/\/www.encontracambuci.com.br\/sobre\/wp-json\/wp\/v2\/media?parent=342"}],"wp:term":[{"taxonomy":"category","embeddable":true,"href":"https:\/\/www.encontracambuci.com.br\/sobre\/wp-json\/wp\/v2\/categories?post=342"},{"taxonomy":"post_tag","embeddable":true,"href":"https:\/\/www.encontracambuci.com.br\/sobre\/wp-json\/wp\/v2\/tags?post=342"}],"curies":[{"name":"wp","href":"https:\/\/api.w.org\/{rel}","templated":true}]}}