{"id":3614,"date":"2026-03-13T09:28:59","date_gmt":"2026-03-13T12:28:59","guid":{"rendered":"https:\/\/www.encontracambuci.com.br\/sobre\/2a-etapa-da-remodelacao-do-transporte-coletivo-tem-inicio-neste-domingo-confira-mudancas\/"},"modified":"2026-03-13T09:28:59","modified_gmt":"2026-03-13T12:28:59","slug":"2a-etapa-da-remodelacao-do-transporte-coletivo-tem-inicio-neste-domingo-confira-mudancas","status":"publish","type":"post","link":"https:\/\/www.encontracambuci.com.br\/sobre\/2a-etapa-da-remodelacao-do-transporte-coletivo-tem-inicio-neste-domingo-confira-mudancas\/","title":{"rendered":"2\u00aa etapa da remodela\u00e7\u00e3o do transporte coletivo tem in\u00edcio neste domingo; confira mudan\u00e7as"},"content":{"rendered":"<div class=\"8b0563efa0ad82100d298ba2796cd14a\" data-index=\"1\" style=\"float: none; margin:0px;\">\n<!-- Anuncio display - global -->\r\n<ins class=\"adsbygoogle\"\r\n     style=\"display:block\"\r\n     data-ad-client=\"ca-pub-8585364105181520\"\r\n     data-ad-slot=\"8789329856\"\r\n     data-ad-format=\"auto\"\r\n     data-full-width-responsive=\"true\"><\/ins>\r\n<script>\r\n     (adsbygoogle = window.adsbygoogle || []).push({});\r\n<\/script>\n<\/div>\n<h2>O que Mudou na Remodula\u00e7\u00e3o do Transporte Coletivo<\/h2>\n<p>A remodela\u00e7\u00e3o do sistema de transporte coletivo de Presidente Prudente entrou em sua segunda fase, iniciando no dia 15 de mar\u00e7o. Essa fase foi precedida de um intenso trabalho preparat\u00f3rio que durou cinco meses, envolvendo a comunidade atrav\u00e9s de redes sociais, sites oficiais, e reuni\u00f5es com l\u00edderes locais. O foco principal dessa etapa \u00e9 substituir linhas convencionais por novas &#8220;linhas locais&#8221; que visam adaptar melhor as rotas \u00e0s necessidades espec\u00edficas dos moradores.<\/p>\n<h2>Novas Linhas Locais e Seus Benef\u00edcios<\/h2>\n<p>Com a renova\u00e7\u00e3o, 11 novas linhas locais foram introduzidas. Essas linhas est\u00e3o projetadas para operar dentro de \u00e1reas espec\u00edficas, facilitando o deslocamento dos cidad\u00e3os at\u00e9 terminais centrais, de onde poder\u00e3o pegar \u00f4nibus expressos para o centro da cidade ou outros pontos estrat\u00e9gicos. Essa mudan\u00e7a \u00e9 especialmente ben\u00e9fica para os moradores dos bairros atendidos, pois permite uma integra\u00e7\u00e3o mais r\u00e1pida e eficiente ao sistema de transporte.<\/p>\n<h2>Linhas que Deixaram de Circular<\/h2>\n<p>Na nova configura\u00e7\u00e3o do sistema, algumas linhas que antes atendiam a cidade foram descontinuadas. As linhas que deixaram de circular incluem:<\/p>\n<ul>\n<li>122 &#8211; Jardim Eldorado\/Terminal Central<\/li>\n<li>123 &#8211; Parque Primavera\/Arilena<\/li>\n<li>124 &#8211; Mar\u00e9 Mansa\/Jardim Sumar\u00e9<\/li>\n<li>126 &#8211; Vale Verde\/Terminal Central<\/li>\n<li>128 &#8211; Brasil Novo\/Distrito Industrial\/Cidade da Crian\u00e7a<\/li>\n<li>129 &#8211; Brasil Novo\/Terceiro Mil\u00eanio<\/li>\n<li>136 &#8211; Residencial Vida Nova\/Terminal Via Imoplan<\/li>\n<\/ul>\n<p>Essas linhas est\u00e3o sendo substitu\u00eddas por um sistema mais eficaz, focado nas demandas atuais dos bairros.<\/p>\n<h2>Como as Mudan\u00e7as Impactam os Moradores<\/h2>\n<p>As altera\u00e7\u00f5es no sistema de transporte visam melhorar a experi\u00eancia do usu\u00e1rio, tornando as viagens mais diretas e menos onerosas em termos de tempo. Os moradores nos bairros de Jardim Cambuci, Vida Nova Pacaembu, Terras do Imoplan, entre outros, agora podem acessar facilmente o terminal de sua localidade e, de l\u00e1, embarcar em \u00f4nibus expressos, otimizando seu tempo de deslocamento.<\/p>\n<h2>Sugest\u00f5es de Trajetos com as Novas Linhas<\/h2>\n<p>Agora que as novas linhas est\u00e3o operacionais, \u00e9 importante conhecer algumas sugest\u00f5es de trajetos para facilitar a locomo\u00e7\u00e3o:<\/p>\n<ul>\n<li><strong>Para quem vinha da zona norte at\u00e9 o Centro:<\/strong> utilize a linha D01J (Cremonezi) at\u00e9 o Terminal da Zona Norte para integra\u00e7\u00e3o.<\/li>\n<li><strong>Viagem at\u00e9 o Aeroporto:<\/strong> pegue a linha B01 (Aeroporto) no terminal central.<\/li>\n<li><strong>Deslocamento da Mar\u00e9 Mansa\/Jardim Sumar\u00e9 para o Centro:<\/strong> use as linhas E02 ou E03 at\u00e9 a Esta\u00e7\u00e3o\/Terminal da Zona Oeste.<\/li>\n<li><strong>Se a origem \u00e9 Vale Verde:<\/strong> a linha G03E (Lagoa dos Patos) \u00e9 a melhor op\u00e7\u00e3o at\u00e9 a Esta\u00e7\u00e3o\/Terminal Museu.<\/li>\n<li><strong>Para acessos ao Brasil Novo:<\/strong> a linha D01J \u00e9 indicada para chegar ao Terminal da Zona Norte.<\/li>\n<li><strong>Deslocamento do Residencial Vida Nova:<\/strong> a nova linha C02 atender\u00e1 eficientemente os residentes at\u00e9 a Esta\u00e7\u00e3o\/Terminal da Zona Leste.<\/li>\n<\/ul>\n<h2>O Papel da Secretaria Municipal de Mobilidade Urbana<\/h2>\n<p>A Secretaria Municipal de Mobilidade Urbana desempenhou um papel crucial em todo o processo, desde o planejamento at\u00e9 a execu\u00e7\u00e3o das mudan\u00e7as. A comunica\u00e7\u00e3o transparente com a comunidade e as reuni\u00f5es de conscientiza\u00e7\u00e3o foram fundamentais para facilitar a adapta\u00e7\u00e3o dos usu\u00e1rios \u00e0s novas rotas e linhas.<\/p>\n<h2>Import\u00e2ncia da Comunica\u00e7\u00e3o com a Comunidade<\/h2>\n<p>A comunica\u00e7\u00e3o eficaz com a popula\u00e7\u00e3o \u00e9 essencial em projetos t\u00e3o abrangentes como a remodela\u00e7\u00e3o do transporte coletivo. Atrav\u00e9s de an\u00fancios e intera\u00e7\u00f5es diretas, a Secretaria se esfor\u00e7ou para esclarecer d\u00favidas e coletar feedback. Esse aspecto engajou os cidad\u00e3os, tornando-os parte importante do processo de implementa\u00e7\u00e3o.<\/p>\n<h2>Fases da Remodela\u00e7\u00e3o do Transporte em Presidente Prudente<\/h2>\n<p>O plano de remodela\u00e7\u00e3o est\u00e1 dividido em v\u00e1rias fases, cada uma delas focando em diferentes aspectos da necessidade de transportes coletivos na cidade. A primeira fase tinha como objetivo realizar estudos de viabilidade e avaliar as condi\u00e7\u00f5es atuais do sistema. A segunda fase, que agora se inicia, se concentra na implementa\u00e7\u00e3o pr\u00e1tica de novas linhas e na otimiza\u00e7\u00e3o do servi\u00e7o.<\/p>\n<h2>Testemunhos de Usu\u00e1rios sobre as Mudan\u00e7as<\/h2>\n<p>A receptividade das mudan\u00e7as por parte dos usu\u00e1rios tem sido majoritariamente positiva. Muitos destacam o aumento na efici\u00eancia do tempo de deslocamento e a facilidade de acesso aos terminais. Cidad\u00e3os de v\u00e1rias regi\u00f5es relataram melhorias significativas em suas rotinas di\u00e1rias, o que refor\u00e7a a import\u00e2ncia dessas modifica\u00e7\u00f5es no sistema de transporte.<\/p>\n<h2>Expectativas para a 3\u00aa Etapa do Projeto<\/h2>\n<p>\u00c0 medida que as novas linhas s\u00e3o ajustadas e testadas, a expectativa para a terceira fase \u00e9 que mais melhorias sejam implementadas, incluindo a an\u00e1lise do desempenho das atuais linhas locais e o poss\u00edvel desenvolvimento de novas rotas baseadas nas demandas dos usu\u00e1rios. O sistema de transporte coletivo de Presidente Prudente continua a evoluir e se adaptar, buscando sempre garantir a maior comodidade e efici\u00eancia para todos os cidad\u00e3os.<\/p>\n\n<div style=\"font-size: 0px; height: 0px; line-height: 0px; margin: 0; padding: 0; clear: both;\"><\/div>","protected":false},"excerpt":{"rendered":"<p>Mudan\u00e7as no transporte coletivo de Presidente Prudente come\u00e7am neste domingo, saiba mais.<\/p>\n","protected":false},"author":1,"featured_media":0,"comment_status":"open","ping_status":"closed","sticky":false,"template":"","format":"standard","meta":{"footnotes":""},"categories":[6],"tags":[],"class_list":["post-3614","post","type-post","status-publish","format-standard","hentry","category-noticias-no-cambuci"],"aioseo_notices":[],"_links":{"self":[{"href":"https:\/\/www.encontracambuci.com.br\/sobre\/wp-json\/wp\/v2\/posts\/3614","targetHints":{"allow":["GET"]}}],"collection":[{"href":"https:\/\/www.encontracambuci.com.br\/sobre\/wp-json\/wp\/v2\/posts"}],"about":[{"href":"https:\/\/www.encontracambuci.com.br\/sobre\/wp-json\/wp\/v2\/types\/post"}],"author":[{"embeddable":true,"href":"https:\/\/www.encontracambuci.com.br\/sobre\/wp-json\/wp\/v2\/users\/1"}],"replies":[{"embeddable":true,"href":"https:\/\/www.encontracambuci.com.br\/sobre\/wp-json\/wp\/v2\/comments?post=3614"}],"version-history":[{"count":0,"href":"https:\/\/www.encontracambuci.com.br\/sobre\/wp-json\/wp\/v2\/posts\/3614\/revisions"}],"wp:attachment":[{"href":"https:\/\/www.encontracambuci.com.br\/sobre\/wp-json\/wp\/v2\/media?parent=3614"}],"wp:term":[{"taxonomy":"category","embeddable":true,"href":"https:\/\/www.encontracambuci.com.br\/sobre\/wp-json\/wp\/v2\/categories?post=3614"},{"taxonomy":"post_tag","embeddable":true,"href":"https:\/\/www.encontracambuci.com.br\/sobre\/wp-json\/wp\/v2\/tags?post=3614"}],"curies":[{"name":"wp","href":"https:\/\/api.w.org\/{rel}","templated":true}]}}