{"id":3615,"date":"2026-03-13T09:31:19","date_gmt":"2026-03-13T12:31:19","guid":{"rendered":"https:\/\/www.encontracambuci.com.br\/sobre\/alunos-atravessam-500-metros-de-lama-para-chegar-ao-transporte-escolar-em-cambuci\/"},"modified":"2026-03-13T09:31:19","modified_gmt":"2026-03-13T12:31:19","slug":"alunos-atravessam-500-metros-de-lama-para-chegar-ao-transporte-escolar-em-cambuci","status":"publish","type":"post","link":"https:\/\/www.encontracambuci.com.br\/sobre\/alunos-atravessam-500-metros-de-lama-para-chegar-ao-transporte-escolar-em-cambuci\/","title":{"rendered":"Alunos atravessam 500 metros de lama para chegar ao transporte escolar em Cambuci"},"content":{"rendered":"<div class=\"8b0563efa0ad82100d298ba2796cd14a\" data-index=\"1\" style=\"float: none; margin:0px;\">\n<!-- Anuncio display - global -->\r\n<ins class=\"adsbygoogle\"\r\n     style=\"display:block\"\r\n     data-ad-client=\"ca-pub-8585364105181520\"\r\n     data-ad-slot=\"8789329856\"\r\n     data-ad-format=\"auto\"\r\n     data-full-width-responsive=\"true\"><\/ins>\r\n<script>\r\n     (adsbygoogle = window.adsbygoogle || []).push({});\r\n<\/script>\n<\/div>\n<h2>A Situa\u00e7\u00e3o Cr\u00edtica da RJ-202<\/h2>\n<p>No munic\u00edpio de Cambuci, a RJ-202 \u00e9 uma rodovia que, ap\u00f3s chuvas intensas, se transforma em um verdadeiro desafio para estudantes e moradores. Durante as chuvas, um trecho espec\u00edfico desse caminho fica quase intransit\u00e1vel por conta do ac\u00famulo de lama, dificultando o acesso ao transporte escolar. Essa situa\u00e7\u00e3o prec\u00e1ria \u00e9 um reflexo da falta de infraestrutura adequada e manuten\u00e7\u00e3o das estradas, o que gera uma grande preocupa\u00e7\u00e3o entre os moradores e autoridades locais.<\/p>\n<h2>Relatos de Alunos em Monte Verde<\/h2>\n<p>Estudantes do Col\u00e9gio Estadual Waldemiro Pitta, localizado em Monte Verde, t\u00eam sido os mais afetados pela condi\u00e7\u00e3o da RJ-202. Segundo relatos dos alunos, em dias de chuva, os ve\u00edculos respons\u00e1veis pelo transporte escolar n\u00e3o conseguem transitar pelo caminho lamacento. Isso obriga os alunos a descerem antes do esperado e caminharem por at\u00e9 500 metros, enfrentando condi\u00e7\u00f5es adversas e risco de quedas.<\/p>\n<h2>Desafios no Caminho da Educa\u00e7\u00e3o<\/h2>\n<p>Esses desafios t\u00eam um impacto significativo na rotina acad\u00eamica dos estudantes. Al\u00e9m das dificuldades f\u00edsicas, os alunos enfrentam atrasos frequentes e, consequentemente, perdem aulas importantes. A inseguran\u00e7a no percurso tamb\u00e9m gera preocupa\u00e7\u00f5es para pais e educadores, que temem pela seguran\u00e7a dos jovens ao atravessar a lama e, em alguns casos, a necessidade de ajuda de professores e funcion\u00e1rios torna-se uma constante.<\/p>\n<h2>Repercuss\u00e3o nas Redes Sociais<\/h2>\n<p>A situa\u00e7\u00e3o tem gerado repercuss\u00e3o nas redes sociais, onde pais e estudantes compartilham suas experi\u00eancias e chamam a aten\u00e7\u00e3o das autoridades para a urg\u00eancia da situa\u00e7\u00e3o. Fotos e v\u00eddeos ilustrando os desafios enfrentados s\u00e3o frequentemente postados, despertando a solidariedade de outros internautas e gerando discuss\u00f5es sobre a import\u00e2ncia de melhorias na infraestrutura p\u00fablica.<\/p>\n<h2>A\u00e7\u00e3o da Prefeitura de Cambuci<\/h2>\n<p>Em resposta a essa situa\u00e7\u00e3o preocupante, a Prefeitura de Cambuci afirmou estar ciente dos problemas nas estradas vicinais, incluindo a RJ-202. Segundo uma nota divulgada, as equipes da Secretaria Municipal de Transporte est\u00e3o ativamente realizando manuten\u00e7\u00e3o e recupera\u00e7\u00e3o em diversos pontos do munic\u00edpio. O trabalho come\u00e7ou na semana atual, mas dificuldades climatol\u00f3gicas, como fortes chuvas, j\u00e1 afetaram a efic\u00e1cia das a\u00e7\u00f5es nas estradas.<\/p>\n<h2>Resposta do Departamento de Estradas<\/h2>\n<p>O Departamento de Estradas de Rodagem (DER-RJ) tamb\u00e9m foi contatado em busca de solu\u00e7\u00f5es para essa problem\u00e1tica. No entanto, at\u00e9 o momento, n\u00e3o houve um retorno claro que indique como e quando as melhorias na RJ-202 poder\u00e3o ser efetivadas. Essa falta de retorno aumenta a ansiedade entre os moradores e torna a urg\u00eancia por uma solu\u00e7\u00e3o ainda mais evidente.<\/p>\n<h2>Impacto nas Aulas e no Aprendizado<\/h2>\n<p>A dificuldade de acesso \u00e0 escola n\u00e3o afeta apenas a rotina de transporte dos alunos, mas tamb\u00e9m o aprendizado. Com constantes interrup\u00e7\u00f5es e perda de aulas, o desenvolvimento educacional dos estudantes fica comprometido. \u00c9 fundamental que as autoridades atuem de forma r\u00e1pida e eficaz para garantir que os jovens possam viajar em seguran\u00e7a e com conforto at\u00e9 seus locais de estudo.<\/p>\n<h2>Solidariedade entre Professores e Estudantes<\/h2>\n<p>Frente \u00e0 adversidade, professores do Col\u00e9gio Estadual Waldemiro Pitta t\u00eam se mostrado bastante solid\u00e1rios com os alunos, frequentemente ajudando-os a atravessar os trechos mais cr\u00edticos. Essa a\u00e7\u00e3o n\u00e3o apenas auxilia os estudantes a chegarem mais seguros \u00e0 escola, mas tamb\u00e9m fortalece os la\u00e7os comunit\u00e1rios entre educadores e alunos, demonstrando que a solidariedade \u00e9 uma resposta essencial \u00e0 crise.<\/p>\n<h2>Alternativas para o Transporte Escolar<\/h2>\n<p>Com a impossibilidade de acesso eficaz ao transporte escolar regular, a comunidade local est\u00e1 sendo convidada a pensar em alternativas que possam facilitar a locomo\u00e7\u00e3o dos alunos. Ideias e sugest\u00f5es est\u00e3o sendo discutidas entre pais e respons\u00e1veis, na esperan\u00e7a de encontrar solu\u00e7\u00f5es tempor\u00e1rias at\u00e9 que as melhorias na estrada se concretizem.<\/p>\n<h2>A Import\u00e2ncia da Manuten\u00e7\u00e3o das Estradas<\/h2>\n<p>Por fim, \u00e9 imperativo ressaltar a import\u00e2ncia da manuten\u00e7\u00e3o cont\u00ednua das estradas para evitar que situa\u00e7\u00f5es semelhantes sigam ocorrendo. A manuten\u00e7\u00e3o n\u00e3o se limita a um aspecto est\u00e9tico, mas \u00e9 essencial para garantir a seguran\u00e7a e a qualidade de vida dos cidad\u00e3os. Estradas em m\u00e1s condi\u00e7\u00f5es n\u00e3o apenas impactam o acesso \u00e0 educa\u00e7\u00e3o, mas tamb\u00e9m a sa\u00fade e a seguran\u00e7a de toda a comunidade. Medidas proativas devem ser agendadas para que o acesso a servi\u00e7os essenciais n\u00e3o se torne um desafio constante.<\/p>\n\n<div style=\"font-size: 0px; height: 0px; line-height: 0px; margin: 0; padding: 0; clear: both;\"><\/div>","protected":false},"excerpt":{"rendered":"<p>Alunos em Cambuci enfrentam 500 metros de lama para chegarem \u00e0 escola, um desafio inesperado pela educa\u00e7\u00e3o.<\/p>\n","protected":false},"author":1,"featured_media":0,"comment_status":"open","ping_status":"closed","sticky":false,"template":"","format":"standard","meta":{"footnotes":""},"categories":[6],"tags":[],"class_list":["post-3615","post","type-post","status-publish","format-standard","hentry","category-noticias-no-cambuci"],"aioseo_notices":[],"_links":{"self":[{"href":"https:\/\/www.encontracambuci.com.br\/sobre\/wp-json\/wp\/v2\/posts\/3615","targetHints":{"allow":["GET"]}}],"collection":[{"href":"https:\/\/www.encontracambuci.com.br\/sobre\/wp-json\/wp\/v2\/posts"}],"about":[{"href":"https:\/\/www.encontracambuci.com.br\/sobre\/wp-json\/wp\/v2\/types\/post"}],"author":[{"embeddable":true,"href":"https:\/\/www.encontracambuci.com.br\/sobre\/wp-json\/wp\/v2\/users\/1"}],"replies":[{"embeddable":true,"href":"https:\/\/www.encontracambuci.com.br\/sobre\/wp-json\/wp\/v2\/comments?post=3615"}],"version-history":[{"count":0,"href":"https:\/\/www.encontracambuci.com.br\/sobre\/wp-json\/wp\/v2\/posts\/3615\/revisions"}],"wp:attachment":[{"href":"https:\/\/www.encontracambuci.com.br\/sobre\/wp-json\/wp\/v2\/media?parent=3615"}],"wp:term":[{"taxonomy":"category","embeddable":true,"href":"https:\/\/www.encontracambuci.com.br\/sobre\/wp-json\/wp\/v2\/categories?post=3615"},{"taxonomy":"post_tag","embeddable":true,"href":"https:\/\/www.encontracambuci.com.br\/sobre\/wp-json\/wp\/v2\/tags?post=3615"}],"curies":[{"name":"wp","href":"https:\/\/api.w.org\/{rel}","templated":true}]}}