{"id":3684,"date":"2026-04-20T09:28:08","date_gmt":"2026-04-20T12:28:08","guid":{"rendered":"https:\/\/www.encontracambuci.com.br\/sobre\/falta-vacina-contra-a-covid-nas-unidades-de-saude-de-sao-paulo\/"},"modified":"2026-04-20T09:28:08","modified_gmt":"2026-04-20T12:28:08","slug":"falta-vacina-contra-a-covid-nas-unidades-de-saude-de-sao-paulo","status":"publish","type":"post","link":"https:\/\/www.encontracambuci.com.br\/sobre\/falta-vacina-contra-a-covid-nas-unidades-de-saude-de-sao-paulo\/","title":{"rendered":"Falta vacina contra a Covid nas unidades de sa\u00fade de S\u00e3o Paulo"},"content":{"rendered":"<div class=\"8b0563efa0ad82100d298ba2796cd14a\" data-index=\"1\" style=\"float: none; margin:0px;\">\n<!-- Anuncio display - global -->\r\n<ins class=\"adsbygoogle\"\r\n     style=\"display:block\"\r\n     data-ad-client=\"ca-pub-8585364105181520\"\r\n     data-ad-slot=\"8789329856\"\r\n     data-ad-format=\"auto\"\r\n     data-full-width-responsive=\"true\"><\/ins>\r\n<script>\r\n     (adsbygoogle = window.adsbygoogle || []).push({});\r\n<\/script>\n<\/div>\n<h2>Cen\u00e1rio Atual da Vacina\u00e7\u00e3o em S\u00e3o Paulo<\/h2>\n<p>Recentemente, as unidades de sa\u00fade em S\u00e3o Paulo t\u00eam enfrentado um desafio significativo no que diz respeito \u00e0 disponibilidade de vacinas contra a Covid-19. A escassez de imunizantes tem gerado descontentamento tanto na popula\u00e7\u00e3o quanto em profissionais de sa\u00fade. Muitos cidad\u00e3os relatam dificuldades em encontrar vacinas, especialmente idosos e pessoas com doen\u00e7as cr\u00f4nicas que dependem da imuniza\u00e7\u00e3o para se proteger contra a doen\u00e7a.<\/p>\n<h2>Requisitos para a Vacina\u00e7\u00e3o Contra a Covid<\/h2>\n<p>A vacina\u00e7\u00e3o contra a Covid-19 no Brasil \u00e9 realizada em conformidade com o Programa Nacional de Imuniza\u00e7\u00e3o (PNI). De acordo com as diretrizes atuais, o acesso \u00e0s vacinas \u00e9 priorit\u00e1rio para determinados grupos:<\/p>\n<ul>\n<li><strong>Crian\u00e7as:<\/strong> Imuniza\u00e7\u00e3o para menores de 5 anos \u00e9 especialmente encorajada.<\/li>\n<li><strong>Idosos:<\/strong> Pessoas com 60 anos ou mais t\u00eam prioridade na vacina\u00e7\u00e3o.<\/li>\n<li><strong>Imunossuprimidos:<\/strong> Indiv\u00edduos com condi\u00e7\u00f5es que comprometem o sistema imunol\u00f3gico s\u00e3o considerados priorit\u00e1rios na distribui\u00e7\u00e3o das vacinas.<\/li>\n<li><strong>Gr\u00e1vidas:<\/strong> As vacinas s\u00e3o recomendadas para mulheres em qualquer fase da gesta\u00e7\u00e3o.<\/li>\n<li><strong>Doentes cr\u00f4nicos:<\/strong> Pacientes com doen\u00e7as pr\u00e9-existentes tamb\u00e9m t\u00eam acesso facilitado aos imunizantes.<\/li>\n<\/ul>\n<h2>Expectativas para o Envio de Novas Doses<\/h2>\n<p>Ap\u00f3s um per\u00edodo de falta de vacinas em v\u00e1rias unidades, o Minist\u00e9rio da Sa\u00fade anunciou que est\u00e1 programando o envio de uma nova remessa que dever\u00e1 incluir cerca de 500 mil doses. Este volume dever\u00e1 ser distribu\u00eddo entre as unidades de sa\u00fade das diversas regi\u00f5es do estado. Os representantes da pasta afirmam que esta a\u00e7\u00e3o visa garantir a continuidade do processo de vacina\u00e7\u00e3o e atender \u00e0 demanda reprimida da popula\u00e7\u00e3o.<\/p>\n<p><img decoding=\"async\" src=\"https:\/\/www.encontracambuci.com.br\/sobre\/wp-content\/uploads\/falta-vacina-contra-a-covid-nas-unidades-de-saude-de-sao-paulo.webp\" alt=\"vacina contra a Covid\" loading=\"lazy\" \/><\/p>\n<h2>Como a Falta de Vacinas Afeta a Popula\u00e7\u00e3o<\/h2>\n<p>A falta de vacinas tem implica\u00e7\u00f5es diretas na sa\u00fade p\u00fablica, uma vez que resulta em um aumento da suscetibilidade \u00e0 Covid-19 entre grupos vulner\u00e1veis. A incerteza sobre a disponibilidade das vacinas gerou ansiedade e preocupa\u00e7\u00e3o entre os cidad\u00e3os.<\/p>\n<p>Exemplos de pessoas que n\u00e3o conseguiram se vacinar incluem Cl\u00e1udio Freitas, que adiou uma viagem necess\u00e1ria a Bras\u00edlia por n\u00e3o ter recebido a vacina em sua unidade de sa\u00fade. Reclama\u00e7\u00f5es semelhantes t\u00eam sido notadas em v\u00e1rias regi\u00f5es de S\u00e3o Paulo, onde tanto cidad\u00e3os comuns quanto profissionais de sa\u00fade expressam suas frustra\u00e7\u00f5es.<\/p>\n<h2>O Papel do Minist\u00e9rio da Sa\u00fade na Distribui\u00e7\u00e3o<\/h2>\n<p>O Minist\u00e9rio da Sa\u00fade desempenha um papel fundamental na log\u00edstica de distribui\u00e7\u00e3o das vacinas. A gest\u00e3o da distribui\u00e7\u00e3o envolve a coordena\u00e7\u00e3o entre unidades municipais e estaduais, garantindo que as vacinas estejam dispon\u00edveis onde s\u00e3o mais necess\u00e1rias.<\/p>\n<p>Durante esse per\u00edodo de escassez, o minist\u00e9rio foi solicitado a esclarecer as raz\u00f5es para a falta de disponibilidade e assegurar \u00e0 popula\u00e7\u00e3o que as entregas de novos lotes est\u00e3o sendo monitoradas e realizadas conforme planejado.<\/p>\n<h2>Imuniza\u00e7\u00e3o em Grupos Priorit\u00e1rios<\/h2>\n<p>\u00c9 crucial que a vacina\u00e7\u00e3o continue a focar nos grupos mais vulner\u00e1veis. Aqueles que pertencem a categorias priorit\u00e1rias devem ser vacinados assim que as doses estiverem dispon\u00edveis, pois a prote\u00e7\u00e3o desses grupos \u00e9 essencial para o controle da pandemia. Al\u00e9m disso, a vacina\u00e7\u00e3o em massa \u00e9 vista como uma medida eficaz para reduzir a transmiss\u00e3o do v\u00edrus e prevenir novas interna\u00e7\u00f5es e casos graves.<\/p>\n<h2>Informa\u00e7\u00f5es sobre as Variantes do V\u00edrus<\/h2>\n<p>A situa\u00e7\u00e3o em torno das variantes do v\u00edrus Covid-19 tamb\u00e9m requer aten\u00e7\u00e3o. Especialistas em virologia t\u00eam alertado sobre a presen\u00e7a de novas subvariantes, com potencial para contornar a imunidade conferida pelas vacinas. O monitoramento ativo dessas variantes \u00e9 essencial para informar as estrat\u00e9gias de vacina\u00e7\u00e3o e adequar os imunizantes de acordo com as muta\u00e7\u00f5es.<\/p>\n<p>Fernando Spilki, virologista, apontou que \u00e9 importante manter a popula\u00e7\u00e3o vacinada com as vacinas atualizadas para garantir a m\u00e1xima prote\u00e7\u00e3o, especialmente em face de novas cepas que possam surgir.<\/p>\n<h2>Rea\u00e7\u00f5es e Preocupa\u00e7\u00f5es da Popula\u00e7\u00e3o<\/h2>\n<p>As rea\u00e7\u00f5es da popula\u00e7\u00e3o \u00e0 falta de vacinas variam, mas h\u00e1 uma crescente preocupa\u00e7\u00e3o com a sa\u00fade p\u00fablica, e com a possibilidade de uma nova onda de casos de Covid-19 se a vacina\u00e7\u00e3o n\u00e3o for retomada eficazmente. A comunica\u00e7\u00e3o transparente do governo sobre a situa\u00e7\u00e3o das vacinas e os planos para futuros abastecimentos \u00e9 necess\u00e1ria para restaurar a confian\u00e7a na campanha de vacina\u00e7\u00e3o.<\/p>\n<h2>A Import\u00e2ncia da Transpar\u00eancia na Comunica\u00e7\u00e3o<\/h2>\n<p>A transpar\u00eancia na comunica\u00e7\u00e3o das autoridades de sa\u00fade \u00e9 fundamental, especialmente em tempos de incerteza. A popula\u00e7\u00e3o precisa ser informada sobre o que est\u00e1 sendo feito para solucionar a falta de vacinas, os prazos estimados e as medidas que est\u00e3o sendo tomadas para garantir que os grupos priorit\u00e1rios recebam a imuniza\u00e7\u00e3o de forma r\u00e1pida e eficaz.<\/p>\n<h2>O Futuro da Vacina\u00e7\u00e3o em S\u00e3o Paulo<\/h2>\n<p>O futuro da vacina\u00e7\u00e3o em S\u00e3o Paulo depender\u00e1 n\u00e3o apenas da disponibilidade de novas doses, mas tamb\u00e9m da continuidade das iniciativas de informa\u00e7\u00e3o e engajamento da comunidade. A ades\u00e3o da popula\u00e7\u00e3o \u00e9 crucial para o sucesso da vacina\u00e7\u00e3o, destacando a necessidade de um esfor\u00e7o conjunto entre o governo, os profissionais de sa\u00fade e a sociedade civil.<\/p>\n<p>As estrat\u00e9gias para aumentar a aceita\u00e7\u00e3o das vacinas, especialmente entre os grupos mais c\u00e9ticos, merecem aten\u00e7\u00e3o especial. O financiamento de campanhas educativas, a promo\u00e7\u00e3o de eventos comunit\u00e1rios e o envolvimento de l\u00edderes comunit\u00e1rios podem ajudar a assegurar que todos os cidad\u00e3os compreendam a import\u00e2ncia da vacina\u00e7\u00e3o e se sintam seguros para se imunizar.<\/p>\n\n<div style=\"font-size: 0px; height: 0px; line-height: 0px; margin: 0; padding: 0; clear: both;\"><\/div>","protected":false},"excerpt":{"rendered":"<p>Falta vacina contra a Covid nas unidades de sa\u00fade em S\u00e3o Paulo; entenda a situa\u00e7\u00e3o atual.<\/p>\n","protected":false},"author":1,"featured_media":3683,"comment_status":"open","ping_status":"closed","sticky":false,"template":"","format":"standard","meta":{"footnotes":""},"categories":[6],"tags":[],"class_list":["post-3684","post","type-post","status-publish","format-standard","has-post-thumbnail","hentry","category-noticias-no-cambuci","has_thumb"],"aioseo_notices":[],"_links":{"self":[{"href":"https:\/\/www.encontracambuci.com.br\/sobre\/wp-json\/wp\/v2\/posts\/3684","targetHints":{"allow":["GET"]}}],"collection":[{"href":"https:\/\/www.encontracambuci.com.br\/sobre\/wp-json\/wp\/v2\/posts"}],"about":[{"href":"https:\/\/www.encontracambuci.com.br\/sobre\/wp-json\/wp\/v2\/types\/post"}],"author":[{"embeddable":true,"href":"https:\/\/www.encontracambuci.com.br\/sobre\/wp-json\/wp\/v2\/users\/1"}],"replies":[{"embeddable":true,"href":"https:\/\/www.encontracambuci.com.br\/sobre\/wp-json\/wp\/v2\/comments?post=3684"}],"version-history":[{"count":0,"href":"https:\/\/www.encontracambuci.com.br\/sobre\/wp-json\/wp\/v2\/posts\/3684\/revisions"}],"wp:featuredmedia":[{"embeddable":true,"href":"https:\/\/www.encontracambuci.com.br\/sobre\/wp-json\/wp\/v2\/media\/3683"}],"wp:attachment":[{"href":"https:\/\/www.encontracambuci.com.br\/sobre\/wp-json\/wp\/v2\/media?parent=3684"}],"wp:term":[{"taxonomy":"category","embeddable":true,"href":"https:\/\/www.encontracambuci.com.br\/sobre\/wp-json\/wp\/v2\/categories?post=3684"},{"taxonomy":"post_tag","embeddable":true,"href":"https:\/\/www.encontracambuci.com.br\/sobre\/wp-json\/wp\/v2\/tags?post=3684"}],"curies":[{"name":"wp","href":"https:\/\/api.w.org\/{rel}","templated":true}]}}