{"id":3686,"date":"2026-04-20T09:29:17","date_gmt":"2026-04-20T12:29:17","guid":{"rendered":"https:\/\/www.encontracambuci.com.br\/sobre\/sao-bernardo-celebra-dia-mundial-do-autismo-com-2a-edicao-do-conexao-azul-no-sabado\/"},"modified":"2026-04-20T09:29:17","modified_gmt":"2026-04-20T12:29:17","slug":"sao-bernardo-celebra-dia-mundial-do-autismo-com-2a-edicao-do-conexao-azul-no-sabado","status":"publish","type":"post","link":"https:\/\/www.encontracambuci.com.br\/sobre\/sao-bernardo-celebra-dia-mundial-do-autismo-com-2a-edicao-do-conexao-azul-no-sabado\/","title":{"rendered":"S\u00e3o Bernardo celebra Dia Mundial do Autismo com 2\u00aa edi\u00e7\u00e3o do Conex\u00e3o Azul, no s\u00e1bado"},"content":{"rendered":"<div class=\"8b0563efa0ad82100d298ba2796cd14a\" data-index=\"1\" style=\"float: none; margin:0px;\">\n<!-- Anuncio display - global -->\r\n<ins class=\"adsbygoogle\"\r\n     style=\"display:block\"\r\n     data-ad-client=\"ca-pub-8585364105181520\"\r\n     data-ad-slot=\"8789329856\"\r\n     data-ad-format=\"auto\"\r\n     data-full-width-responsive=\"true\"><\/ins>\r\n<script>\r\n     (adsbygoogle = window.adsbygoogle || []).push({});\r\n<\/script>\n<\/div>\n<h2>O que \u00e9 o Conex\u00e3o Azul?<\/h2>\n<p>O <strong>Conex\u00e3o Azul<\/strong> \u00e9 um evento criado para celebrar o Dia Mundial do Autismo, promovendo a inclus\u00e3o e a visibilidade das necessidades das pessoas no espectro autista. Este evento oferece um espa\u00e7o de intera\u00e7\u00e3o e aprendizado tanto para os portadores de Transtorno do Espectro Autista (TEA) quanto para suas fam\u00edlias e a comunidade em geral.<\/p>\n<h2>Import\u00e2ncia do Dia Mundial do Autismo<\/h2>\n<p>Comemorado no dia 2 de abril, o Dia Mundial do Autismo visa aumentar a conscientiza\u00e7\u00e3o e a compreens\u00e3o sobre o autismo. A data \u00e9 uma oportunidade para discutir os direitos das pessoas com TEA, destacando a import\u00e2ncia da inclus\u00e3o e do respeito \u00e0s diferen\u00e7as. Este dia serve para encorajar a empatia e a aceita\u00e7\u00e3o em todas as esferas sociais.<\/p>\n<h2>Atividades Programadas para o Evento<\/h2>\n<p>O Conex\u00e3o Azul oferece uma ampla gama de atividades direcionadas a crian\u00e7as e adultos. Entre as op\u00e7\u00f5es est\u00e3o:<\/p>\n<p><img decoding=\"async\" src=\"https:\/\/www.encontracambuci.com.br\/sobre\/wp-content\/uploads\/sao-bernardo-celebra-dia-mundial-do-autismo-com-2-edicao-do-conexao-azul-no-sabado.webp\" alt=\"Dia Mundial do Autismo\" loading=\"lazy\" \/><\/p>\n<ul>\n<li>Brinquedos infl\u00e1veis, com tobog\u00e3s e pula-pula, para garantir a divers\u00e3o das crian\u00e7as.<\/li>\n<li>Espa\u00e7os dedicados a atividades sensoriais e l\u00fadicas que estimulam a criatividade, como pintura e desenho.<\/li>\n<li>Oficinas de conscientiza\u00e7\u00e3o sobre o autismo, onde as fam\u00edlias podem aprender mais sobre o TEA.<\/li>\n<\/ul>\n<h2>Abertura com Sess\u00e3o Solene<\/h2>\n<p>O evento come\u00e7ar\u00e1 com uma <strong>sess\u00e3o solene<\/strong> na C\u00e2mara Municipal, programada para iniciar \u00e0s 9h. Durante essa cerim\u00f4nia, autoridades locais e representantes da sociedade civil far\u00e3o pronunciamentos enfatizando a import\u00e2ncia da inclus\u00e3o e apoio \u00e0s pessoas com TEA.<\/p>\n<h2>Objetivos do Evento Conex\u00e3o Azul<\/h2>\n<p>Os principais objetivos do Conex\u00e3o Azul s\u00e3o:<\/p>\n<ul>\n<li>Promover a inclus\u00e3o das pessoas com TEA na sociedade.<\/li>\n<li>Conscientizar a popula\u00e7\u00e3o sobre as dificuldades e os direitos das pessoas autistas.<\/li>\n<li>Fomentar la\u00e7os entre fam\u00edlias que vivem situa\u00e7\u00f5es semelhantes.<\/li>\n<\/ul>\n<h2>Iniciativas da Prefeitura para Inclus\u00e3o<\/h2>\n<p>A Prefeitura de S\u00e3o Bernardo do Campo tem v\u00e1rias iniciativas voltadas para a inclus\u00e3o de pessoas com defici\u00eancia e TEA. Entre elas est\u00e1 o <strong>Passaporte da Inclus\u00e3o<\/strong>, que oferece acesso gratuito a diversos parques da cidade, al\u00e9m da <strong>Oficina Ortop\u00e9dica Itinerante<\/strong>, que visita as resid\u00eancias para atender \u00e0s necessidades de mobilidade.<\/p>\n<h2>Depoimentos de Fam\u00edlias At\u00edpicas<\/h2>\n<p>Fam\u00edlias que participaram de eventos anteriores expressam seu apoio e satisfa\u00e7\u00e3o. Uma m\u00e3e de uma crian\u00e7a autista comentou: &#8220;Eventos como o Conex\u00e3o Azul s\u00e3o fundamentais para que as fam\u00edlias se sintam acolhidas e entendidas. Aqui, podemos nos conectar com outros que enfrentam os mesmos desafios.&#8221; Outro pai destacou: &#8220;A inclus\u00e3o faz toda a diferen\u00e7a. \u00c9 maravilhoso ver o entusiasmo e a alegria das crian\u00e7as, independentemente de suas dificuldades.&#8221;<\/p>\n<h2>Expectativa de Participa\u00e7\u00e3o e Impacto<\/h2>\n<p>Para esta segunda edi\u00e7\u00e3o do Conex\u00e3o Azul, a expectativa de participa\u00e7\u00e3o \u00e9 alta. O evento de 2025 atraiu cerca de 1.300 pessoas, e a organiza\u00e7\u00e3o planeja superar esse n\u00famero em 2026. O impacto vai al\u00e9m da divers\u00e3o; ele cria uma cultura de aceita\u00e7\u00e3o e respeito que reverbera na comunidade.<\/p>\n<h2>Atra\u00e7\u00f5es para Crian\u00e7as e Fam\u00edlias<\/h2>\n<p>As atra\u00e7\u00f5es do evento s\u00e3o cuidadosamente selecionadas para garantir que todas as idades se sintam inclu\u00eddas e aproveitem ao m\u00e1ximo:<\/p>\n<ul>\n<li>Din\u00e2micas psicomotoras que ajudam no desenvolvimento f\u00edsico e cognitivo.<\/li>\n<li>Atividades sensoriais que permitem que as crian\u00e7as explorem diferentes texturas e cores.<\/li>\n<li>Espa\u00e7os para descanso e acolhimento, proporcionando um ambiente seguro para todos.<\/li>\n<\/ul>\n<h2>O Papel da Conscientiza\u00e7\u00e3o Social<\/h2>\n<p>A conscientiza\u00e7\u00e3o social \u00e9 fundamental para quebrar estigmas associados ao autismo. O Conex\u00e3o Azul se posiciona como uma ferramenta crucial para educa\u00e7\u00e3o e empatia. Ao promover um ambiente onde as diferen\u00e7as s\u00e3o celebradas, o evento contribui para a forma\u00e7\u00e3o de uma sociedade mais inclusiva e respeitosa.<\/p>\n\n<div style=\"font-size: 0px; height: 0px; line-height: 0px; margin: 0; padding: 0; clear: both;\"><\/div>","protected":false},"excerpt":{"rendered":"<p>Conex\u00e3o Azul em S\u00e3o Bernardo traz inclus\u00e3o e conscientiza\u00e7\u00e3o sobre autismo.<\/p>\n","protected":false},"author":1,"featured_media":3685,"comment_status":"open","ping_status":"closed","sticky":false,"template":"","format":"standard","meta":{"footnotes":""},"categories":[6],"tags":[],"class_list":["post-3686","post","type-post","status-publish","format-standard","has-post-thumbnail","hentry","category-noticias-no-cambuci","has_thumb"],"aioseo_notices":[],"_links":{"self":[{"href":"https:\/\/www.encontracambuci.com.br\/sobre\/wp-json\/wp\/v2\/posts\/3686","targetHints":{"allow":["GET"]}}],"collection":[{"href":"https:\/\/www.encontracambuci.com.br\/sobre\/wp-json\/wp\/v2\/posts"}],"about":[{"href":"https:\/\/www.encontracambuci.com.br\/sobre\/wp-json\/wp\/v2\/types\/post"}],"author":[{"embeddable":true,"href":"https:\/\/www.encontracambuci.com.br\/sobre\/wp-json\/wp\/v2\/users\/1"}],"replies":[{"embeddable":true,"href":"https:\/\/www.encontracambuci.com.br\/sobre\/wp-json\/wp\/v2\/comments?post=3686"}],"version-history":[{"count":0,"href":"https:\/\/www.encontracambuci.com.br\/sobre\/wp-json\/wp\/v2\/posts\/3686\/revisions"}],"wp:featuredmedia":[{"embeddable":true,"href":"https:\/\/www.encontracambuci.com.br\/sobre\/wp-json\/wp\/v2\/media\/3685"}],"wp:attachment":[{"href":"https:\/\/www.encontracambuci.com.br\/sobre\/wp-json\/wp\/v2\/media?parent=3686"}],"wp:term":[{"taxonomy":"category","embeddable":true,"href":"https:\/\/www.encontracambuci.com.br\/sobre\/wp-json\/wp\/v2\/categories?post=3686"},{"taxonomy":"post_tag","embeddable":true,"href":"https:\/\/www.encontracambuci.com.br\/sobre\/wp-json\/wp\/v2\/tags?post=3686"}],"curies":[{"name":"wp","href":"https:\/\/api.w.org\/{rel}","templated":true}]}}